{"id":1401,"date":"2022-05-31T22:21:03","date_gmt":"2022-05-31T22:21:03","guid":{"rendered":"https:\/\/blogs.exeter.ac.uk\/bioresilience\/?p=1401"},"modified":"2022-05-31T22:21:03","modified_gmt":"2022-05-31T22:21:03","slug":"bioresilience-positive-impact-in-the-tropical-andean-forests-of-colombia","status":"publish","type":"post","link":"https:\/\/sites.exeter.ac.uk\/bioresilience\/2022\/05\/31\/bioresilience-positive-impact-in-the-tropical-andean-forests-of-colombia\/","title":{"rendered":"BioResilience Positive Impact in the Tropical Andean Forests of Colombia"},"content":{"rendered":"<p style=\"text-align: right\"><span style=\"font-size: 10pt\"><em>Monica Amador-Jimenez &amp; Naomi Millner\u00a0<\/em><\/span><\/p>\n<p>The positive impact of\u00a0 BioResilience on the forest communities of the High Andes of Colombia\u00a0 in Monquentiva and in the Tropical Andean Forest in Quinchas between 2019-2022.<\/p>\n<p><img loading=\"lazy\" decoding=\"async\" class=\"wp-image-1413 size-large aligncenter\" src=\"http:\/\/blogs.exeter.ac.uk\/bioresilience\/files\/2022\/05\/poster_72_DPI-Monquentiva-717x1024.jpg\" alt=\"\" width=\"648\" height=\"925\" \/><img loading=\"lazy\" decoding=\"async\" class=\"wp-image-1415 size-large aligncenter\" src=\"http:\/\/blogs.exeter.ac.uk\/bioresilience\/files\/2022\/05\/POSTER_1_72DPI-Quinchas-717x1024.jpg\" alt=\"\" width=\"648\" height=\"925\" \/><\/p>\n<p>&nbsp;<\/p>\n<p><span style=\"font-family: impact, sans-serif\"><span style=\"font-size: 14pt\">IMPACT IN MONQUENTIVA<\/span><\/span><\/p>\n<p><img loading=\"lazy\" decoding=\"async\" class=\"aligncenter wp-image-1427 size-full\" src=\"http:\/\/blogs.exeter.ac.uk\/bioresilience\/files\/2022\/05\/IMG_1612-scaled.jpg\" alt=\"\" width=\"2560\" height=\"1707\" \/><\/p>\n<p><em><span style=\"font-size: 8pt\">Socialization of results of the\u00a0 socio-cultural component. July 2021. Picture with the Communal Leaders of the Village of Monquentiva.\u00a0<\/span><\/em><\/p>\n<p>1. Reconstruction of socio-environmental history in the Paramo of Monquentiva, 2. International Seminar on Socio-environmental Histories, 3. Strengthening of community associativity for Ecotourism, 4. Accompaniment of the community during the Covid19 crisis, 5 Meetings and workshops on socio-environmental relations in the Paramos, 6. Audiovisual Production: &#8216;At the Top of the Mountains&#8217;, 7. Workshops on indigenous and peasant stories of dwelling in the Paramos, 8. Writing of academic articles, 9. Collaboration with environmental authorities and international conservation NGOs, and 10. Training of local leaders in socio-environmental issues.<\/p>\n<p><img loading=\"lazy\" decoding=\"async\" class=\"wp-image-1437 size-large aligncenter\" src=\"http:\/\/blogs.exeter.ac.uk\/bioresilience\/files\/2022\/05\/IMG_1591-1024x683.jpg\" alt=\"\" width=\"648\" height=\"432\" \/><span style=\"font-size: 8pt\"><em>Discussion with the communal leaders\u00a0 with regard conservation programmes for the protection of the Regional Natural Park Monquentiva. July 2021.\u00a0<\/em><\/span><\/p>\n<p><span style=\"font-size: 14pt;font-family: impact, sans-serif\">IMPACT IN QUINCHAS\u00a0<\/span><\/p>\n<p>Positive Impact and Recommendations to environmental authorities by the BioResilience Research Team with regard to socio-environmental conflicts in the Tropical Humid Forest in the Serrania de las Quinchas.<\/p>\n<p><img loading=\"lazy\" decoding=\"async\" class=\"wp-image-1431 size-large aligncenter\" src=\"http:\/\/blogs.exeter.ac.uk\/bioresilience\/files\/2022\/05\/DSC1761-1024x683.jpg\" alt=\"\" width=\"648\" height=\"432\" \/><\/p>\n<p><em><span style=\"font-size: 8pt\">Socialization and workshop &#8216;Recommendation to environmental authorities for the protection of Serrania de las Quinchas. February 2022.\u00a0<\/span><\/em><\/p>\n<p><span style=\"font-family: impact, sans-serif\">Recomendations elaborated with peasants\u00a0 of La Serrania de las Quinchas-Boyaca:<\/span><\/p>\n<ol>\n<li>\u00a0Implementation of the Environmental Management Plan (which expired in 2021) by emphasizing Ecotourism, Ecological Restoration, Sustainable Agriculture, and Land titling and registration within the park and in the area of \u200b\u200binfluence for Inclusive Environmental Governance.<\/li>\n<li>Definition of the limits of the natural park through explicit demarcation and a lands cadastre inside the Park and in the buffer area for the regularization of land titles to peasants who live inside the natural park through conservation agreements<\/li>\n<li>To develop Inclusive Environmental Governance with the participation of representatives of the villages and local authorities of the municipalities of Las Quinchas in Boyac\u00e1 for the definition of conservation strategies.<\/li>\n<li>Developing a Pilot of Community Forest Monitoring for the Serran\u00eda de las Quinchas Natural Park in the Serran\u00eda buffer zone and promoting the model of forest concessions that are already successful in Peten-Guatemala<\/li>\n<li>Generating financing programs for community forestry based on Oil Royalties, but with autonomy from the oil companies, for the development of green businesses associated with community forestry, non-timber forestry, and sustainable agriculture.<\/li>\n<li>The integration of the peasants of Las Quinchas to the PNIS Program in its implementation and agreement based on the Peace Agreements Between the Colombian Government and FARC guerrillas<\/li>\n<li>Developing Community Ecotourism from the Veredales Communal Action Boards within and in the area of \u200b\u200binfluence of Las Quinchas<\/li>\n<li>The installation of a Research Base for the study of Biodiversity, Climate Change Adaptation, and bio-economy within the Natural Park, promoted by the Ministry of Sciences and Technology, the Ministry of Environment, the UPTC University and the University of Boyac\u00e1.<\/li>\n<li>To Promote ecological restoration of the Quinchas with community nurseries managed by the Community Action Boards.<\/li>\n<\/ol>\n<p><img loading=\"lazy\" decoding=\"async\" class=\"wp-image-1433 size-large aligncenter\" src=\"http:\/\/blogs.exeter.ac.uk\/bioresilience\/files\/2022\/05\/DSF4961-1-1024x683.jpg\" alt=\"\" width=\"648\" height=\"432\" \/><\/p>\n<p>&nbsp;<\/p>\n<p>&nbsp;<\/p>\n<p>&nbsp;<\/p>\n","protected":false},"excerpt":{"rendered":"<p>Monica Amador-Jimenez &amp; Naomi Millner\u00a0 The positive impact of\u00a0 BioResilience on the forest communities of the High Andes of Colombia\u00a0 in Monquentiva and in the Tropical Andean Forest in Quinchas between 2019-2022. &nbsp; IMPACT IN MONQUENTIVA Socialization of results of the\u00a0 socio-cultural component. July 2021. Picture with the Communal Leaders of the Village of Monquentiva.\u00a0 [&hellip;]<\/p>\n","protected":false},"author":1031,"featured_media":0,"comment_status":"closed","ping_status":"closed","sticky":false,"template":"","format":"standard","meta":{"_acf_changed":false,"_jetpack_memberships_contains_paid_content":false,"footnotes":""},"categories":[13,31,39,41],"tags":[],"acf":[],"yoast_head":"<!-- This site is optimized with the Yoast SEO plugin v23.0 - https:\/\/yoast.com\/wordpress\/plugins\/seo\/ -->\n<title>BioResilience Positive Impact in the Tropical Andean Forests of Colombia - BioResilience - Colombia<\/title>\n<meta name=\"robots\" content=\"index, follow, max-snippet:-1, max-image-preview:large, max-video-preview:-1\" \/>\n<link rel=\"canonical\" href=\"https:\/\/sites.exeter.ac.uk\/bioresilience\/2022\/05\/31\/bioresilience-positive-impact-in-the-tropical-andean-forests-of-colombia\/\" \/>\n<meta property=\"og:locale\" content=\"en_US\" \/>\n<meta property=\"og:type\" content=\"article\" \/>\n<meta property=\"og:title\" content=\"BioResilience Positive Impact in the Tropical Andean Forests of Colombia - BioResilience - Colombia\" \/>\n<meta property=\"og:description\" content=\"Monica Amador-Jimenez &amp; Naomi Millner\u00a0 The positive impact of\u00a0 BioResilience on the forest communities of the High Andes of Colombia\u00a0 in Monquentiva and in the Tropical Andean Forest in Quinchas between 2019-2022. &nbsp; IMPACT IN MONQUENTIVA Socialization of results of the\u00a0 socio-cultural component. July 2021. Picture with the Communal Leaders of the Village of Monquentiva.\u00a0 [&hellip;]\" \/>\n<meta property=\"og:url\" content=\"https:\/\/sites.exeter.ac.uk\/bioresilience\/2022\/05\/31\/bioresilience-positive-impact-in-the-tropical-andean-forests-of-colombia\/\" \/>\n<meta property=\"og:site_name\" content=\"BioResilience - Colombia\" \/>\n<meta property=\"article:published_time\" content=\"2022-05-31T22:21:03+00:00\" \/>\n<meta property=\"og:image\" content=\"http:\/\/blogs.exeter.ac.uk\/bioresilience\/files\/2022\/05\/poster_72_DPI-Monquentiva-717x1024.jpg\" \/>\n<meta name=\"author\" content=\"M\u00f3nica Amador-Jim\u00e9nez\" \/>\n<meta name=\"twitter:card\" content=\"summary_large_image\" \/>\n<meta name=\"twitter:label1\" content=\"Written by\" \/>\n\t<meta name=\"twitter:data1\" content=\"M\u00f3nica Amador-Jim\u00e9nez\" \/>\n\t<meta name=\"twitter:label2\" content=\"Est. reading time\" \/>\n\t<meta name=\"twitter:data2\" content=\"2 minutes\" \/>\n<script type=\"application\/ld+json\" class=\"yoast-schema-graph\">{\"@context\":\"https:\/\/schema.org\",\"@graph\":[{\"@type\":\"WebPage\",\"@id\":\"https:\/\/sites.exeter.ac.uk\/bioresilience\/2022\/05\/31\/bioresilience-positive-impact-in-the-tropical-andean-forests-of-colombia\/\",\"url\":\"https:\/\/sites.exeter.ac.uk\/bioresilience\/2022\/05\/31\/bioresilience-positive-impact-in-the-tropical-andean-forests-of-colombia\/\",\"name\":\"BioResilience Positive Impact in the Tropical Andean Forests of Colombia - BioResilience - Colombia\",\"isPartOf\":{\"@id\":\"https:\/\/sites.exeter.ac.uk\/bioresilience\/#website\"},\"primaryImageOfPage\":{\"@id\":\"https:\/\/sites.exeter.ac.uk\/bioresilience\/2022\/05\/31\/bioresilience-positive-impact-in-the-tropical-andean-forests-of-colombia\/#primaryimage\"},\"image\":{\"@id\":\"https:\/\/sites.exeter.ac.uk\/bioresilience\/2022\/05\/31\/bioresilience-positive-impact-in-the-tropical-andean-forests-of-colombia\/#primaryimage\"},\"thumbnailUrl\":\"http:\/\/blogs.exeter.ac.uk\/bioresilience\/files\/2022\/05\/poster_72_DPI-Monquentiva-717x1024.jpg\",\"datePublished\":\"2022-05-31T22:21:03+00:00\",\"dateModified\":\"2022-05-31T22:21:03+00:00\",\"author\":{\"@id\":\"https:\/\/sites.exeter.ac.uk\/bioresilience\/#\/schema\/person\/a354d8e63994a268983d9913a89b3cf7\"},\"breadcrumb\":{\"@id\":\"https:\/\/sites.exeter.ac.uk\/bioresilience\/2022\/05\/31\/bioresilience-positive-impact-in-the-tropical-andean-forests-of-colombia\/#breadcrumb\"},\"inLanguage\":\"en-US\",\"potentialAction\":[{\"@type\":\"ReadAction\",\"target\":[\"https:\/\/sites.exeter.ac.uk\/bioresilience\/2022\/05\/31\/bioresilience-positive-impact-in-the-tropical-andean-forests-of-colombia\/\"]}]},{\"@type\":\"ImageObject\",\"inLanguage\":\"en-US\",\"@id\":\"https:\/\/sites.exeter.ac.uk\/bioresilience\/2022\/05\/31\/bioresilience-positive-impact-in-the-tropical-andean-forests-of-colombia\/#primaryimage\",\"url\":\"http:\/\/blogs.exeter.ac.uk\/bioresilience\/files\/2022\/05\/poster_72_DPI-Monquentiva-717x1024.jpg\",\"contentUrl\":\"http:\/\/blogs.exeter.ac.uk\/bioresilience\/files\/2022\/05\/poster_72_DPI-Monquentiva-717x1024.jpg\"},{\"@type\":\"BreadcrumbList\",\"@id\":\"https:\/\/sites.exeter.ac.uk\/bioresilience\/2022\/05\/31\/bioresilience-positive-impact-in-the-tropical-andean-forests-of-colombia\/#breadcrumb\",\"itemListElement\":[{\"@type\":\"ListItem\",\"position\":1,\"name\":\"Home\",\"item\":\"https:\/\/sites.exeter.ac.uk\/bioresilience\/\"},{\"@type\":\"ListItem\",\"position\":2,\"name\":\"BioResilience Positive Impact in the Tropical Andean Forests of Colombia\"}]},{\"@type\":\"WebSite\",\"@id\":\"https:\/\/sites.exeter.ac.uk\/bioresilience\/#website\",\"url\":\"https:\/\/sites.exeter.ac.uk\/bioresilience\/\",\"name\":\"BioResilience - Colombia\",\"description\":\"Biodiversity resilience and ecosystem services in post-conflict socio-ecological systems\",\"potentialAction\":[{\"@type\":\"SearchAction\",\"target\":{\"@type\":\"EntryPoint\",\"urlTemplate\":\"https:\/\/sites.exeter.ac.uk\/bioresilience\/?s={search_term_string}\"},\"query-input\":\"required name=search_term_string\"}],\"inLanguage\":\"en-US\"},{\"@type\":\"Person\",\"@id\":\"https:\/\/sites.exeter.ac.uk\/bioresilience\/#\/schema\/person\/a354d8e63994a268983d9913a89b3cf7\",\"name\":\"M\u00f3nica Amador-Jim\u00e9nez\",\"image\":{\"@type\":\"ImageObject\",\"inLanguage\":\"en-US\",\"@id\":\"https:\/\/sites.exeter.ac.uk\/bioresilience\/#\/schema\/person\/image\/\",\"url\":\"https:\/\/secure.gravatar.com\/avatar\/2104b9e1ef0bcd11b0a0ad8d99d2a24b?s=96&d=mm&r=g\",\"contentUrl\":\"https:\/\/secure.gravatar.com\/avatar\/2104b9e1ef0bcd11b0a0ad8d99d2a24b?s=96&d=mm&r=g\",\"caption\":\"M\u00f3nica Amador-Jim\u00e9nez\"},\"url\":\"https:\/\/sites.exeter.ac.uk\/bioresilience\/author\/monicaamador\/\"}]}<\/script>\n<!-- \/ Yoast SEO plugin. -->","yoast_head_json":{"title":"BioResilience Positive Impact in the Tropical Andean Forests of Colombia - BioResilience - Colombia","robots":{"index":"index","follow":"follow","max-snippet":"max-snippet:-1","max-image-preview":"max-image-preview:large","max-video-preview":"max-video-preview:-1"},"canonical":"https:\/\/sites.exeter.ac.uk\/bioresilience\/2022\/05\/31\/bioresilience-positive-impact-in-the-tropical-andean-forests-of-colombia\/","og_locale":"en_US","og_type":"article","og_title":"BioResilience Positive Impact in the Tropical Andean Forests of Colombia - BioResilience - Colombia","og_description":"Monica Amador-Jimenez &amp; Naomi Millner\u00a0 The positive impact of\u00a0 BioResilience on the forest communities of the High Andes of Colombia\u00a0 in Monquentiva and in the Tropical Andean Forest in Quinchas between 2019-2022. &nbsp; IMPACT IN MONQUENTIVA Socialization of results of the\u00a0 socio-cultural component. July 2021. Picture with the Communal Leaders of the Village of Monquentiva.\u00a0 [&hellip;]","og_url":"https:\/\/sites.exeter.ac.uk\/bioresilience\/2022\/05\/31\/bioresilience-positive-impact-in-the-tropical-andean-forests-of-colombia\/","og_site_name":"BioResilience - Colombia","article_published_time":"2022-05-31T22:21:03+00:00","og_image":[{"url":"http:\/\/blogs.exeter.ac.uk\/bioresilience\/files\/2022\/05\/poster_72_DPI-Monquentiva-717x1024.jpg"}],"author":"M\u00f3nica Amador-Jim\u00e9nez","twitter_card":"summary_large_image","twitter_misc":{"Written by":"M\u00f3nica Amador-Jim\u00e9nez","Est. reading time":"2 minutes"},"schema":{"@context":"https:\/\/schema.org","@graph":[{"@type":"WebPage","@id":"https:\/\/sites.exeter.ac.uk\/bioresilience\/2022\/05\/31\/bioresilience-positive-impact-in-the-tropical-andean-forests-of-colombia\/","url":"https:\/\/sites.exeter.ac.uk\/bioresilience\/2022\/05\/31\/bioresilience-positive-impact-in-the-tropical-andean-forests-of-colombia\/","name":"BioResilience Positive Impact in the Tropical Andean Forests of Colombia - BioResilience - Colombia","isPartOf":{"@id":"https:\/\/sites.exeter.ac.uk\/bioresilience\/#website"},"primaryImageOfPage":{"@id":"https:\/\/sites.exeter.ac.uk\/bioresilience\/2022\/05\/31\/bioresilience-positive-impact-in-the-tropical-andean-forests-of-colombia\/#primaryimage"},"image":{"@id":"https:\/\/sites.exeter.ac.uk\/bioresilience\/2022\/05\/31\/bioresilience-positive-impact-in-the-tropical-andean-forests-of-colombia\/#primaryimage"},"thumbnailUrl":"http:\/\/blogs.exeter.ac.uk\/bioresilience\/files\/2022\/05\/poster_72_DPI-Monquentiva-717x1024.jpg","datePublished":"2022-05-31T22:21:03+00:00","dateModified":"2022-05-31T22:21:03+00:00","author":{"@id":"https:\/\/sites.exeter.ac.uk\/bioresilience\/#\/schema\/person\/a354d8e63994a268983d9913a89b3cf7"},"breadcrumb":{"@id":"https:\/\/sites.exeter.ac.uk\/bioresilience\/2022\/05\/31\/bioresilience-positive-impact-in-the-tropical-andean-forests-of-colombia\/#breadcrumb"},"inLanguage":"en-US","potentialAction":[{"@type":"ReadAction","target":["https:\/\/sites.exeter.ac.uk\/bioresilience\/2022\/05\/31\/bioresilience-positive-impact-in-the-tropical-andean-forests-of-colombia\/"]}]},{"@type":"ImageObject","inLanguage":"en-US","@id":"https:\/\/sites.exeter.ac.uk\/bioresilience\/2022\/05\/31\/bioresilience-positive-impact-in-the-tropical-andean-forests-of-colombia\/#primaryimage","url":"http:\/\/blogs.exeter.ac.uk\/bioresilience\/files\/2022\/05\/poster_72_DPI-Monquentiva-717x1024.jpg","contentUrl":"http:\/\/blogs.exeter.ac.uk\/bioresilience\/files\/2022\/05\/poster_72_DPI-Monquentiva-717x1024.jpg"},{"@type":"BreadcrumbList","@id":"https:\/\/sites.exeter.ac.uk\/bioresilience\/2022\/05\/31\/bioresilience-positive-impact-in-the-tropical-andean-forests-of-colombia\/#breadcrumb","itemListElement":[{"@type":"ListItem","position":1,"name":"Home","item":"https:\/\/sites.exeter.ac.uk\/bioresilience\/"},{"@type":"ListItem","position":2,"name":"BioResilience Positive Impact in the Tropical Andean Forests of Colombia"}]},{"@type":"WebSite","@id":"https:\/\/sites.exeter.ac.uk\/bioresilience\/#website","url":"https:\/\/sites.exeter.ac.uk\/bioresilience\/","name":"BioResilience - Colombia","description":"Biodiversity resilience and ecosystem services in post-conflict socio-ecological systems","potentialAction":[{"@type":"SearchAction","target":{"@type":"EntryPoint","urlTemplate":"https:\/\/sites.exeter.ac.uk\/bioresilience\/?s={search_term_string}"},"query-input":"required name=search_term_string"}],"inLanguage":"en-US"},{"@type":"Person","@id":"https:\/\/sites.exeter.ac.uk\/bioresilience\/#\/schema\/person\/a354d8e63994a268983d9913a89b3cf7","name":"M\u00f3nica Amador-Jim\u00e9nez","image":{"@type":"ImageObject","inLanguage":"en-US","@id":"https:\/\/sites.exeter.ac.uk\/bioresilience\/#\/schema\/person\/image\/","url":"https:\/\/secure.gravatar.com\/avatar\/2104b9e1ef0bcd11b0a0ad8d99d2a24b?s=96&d=mm&r=g","contentUrl":"https:\/\/secure.gravatar.com\/avatar\/2104b9e1ef0bcd11b0a0ad8d99d2a24b?s=96&d=mm&r=g","caption":"M\u00f3nica Amador-Jim\u00e9nez"},"url":"https:\/\/sites.exeter.ac.uk\/bioresilience\/author\/monicaamador\/"}]}},"jetpack_sharing_enabled":true,"jetpack_featured_media_url":"","_links":{"self":[{"href":"https:\/\/sites.exeter.ac.uk\/bioresilience\/wp-json\/wp\/v2\/posts\/1401"}],"collection":[{"href":"https:\/\/sites.exeter.ac.uk\/bioresilience\/wp-json\/wp\/v2\/posts"}],"about":[{"href":"https:\/\/sites.exeter.ac.uk\/bioresilience\/wp-json\/wp\/v2\/types\/post"}],"author":[{"embeddable":true,"href":"https:\/\/sites.exeter.ac.uk\/bioresilience\/wp-json\/wp\/v2\/users\/1031"}],"replies":[{"embeddable":true,"href":"https:\/\/sites.exeter.ac.uk\/bioresilience\/wp-json\/wp\/v2\/comments?post=1401"}],"version-history":[{"count":0,"href":"https:\/\/sites.exeter.ac.uk\/bioresilience\/wp-json\/wp\/v2\/posts\/1401\/revisions"}],"wp:attachment":[{"href":"https:\/\/sites.exeter.ac.uk\/bioresilience\/wp-json\/wp\/v2\/media?parent=1401"}],"wp:term":[{"taxonomy":"category","embeddable":true,"href":"https:\/\/sites.exeter.ac.uk\/bioresilience\/wp-json\/wp\/v2\/categories?post=1401"},{"taxonomy":"post_tag","embeddable":true,"href":"https:\/\/sites.exeter.ac.uk\/bioresilience\/wp-json\/wp\/v2\/tags?post=1401"}],"curies":[{"name":"wp","href":"https:\/\/api.w.org\/{rel}","templated":true}]}}