{"id":1497,"date":"2021-02-10T12:41:51","date_gmt":"2021-02-10T11:41:51","guid":{"rendered":"http:\/\/blogs.exeter.ac.uk\/exetermarine\/?p=1497"},"modified":"2021-02-10T12:41:51","modified_gmt":"2021-02-10T11:41:51","slug":"juntos-podemos-promover-acoes-para-a-conservacao-marinha","status":"publish","type":"post","link":"https:\/\/sites.exeter.ac.uk\/exetermarine\/2021\/02\/10\/juntos-podemos-promover-acoes-para-a-conservacao-marinha\/","title":{"rendered":"Juntos podemos? Promover a\u00e7\u00f5es para a conserva\u00e7\u00e3o marinha"},"content":{"rendered":"<p>Autora &#8211; <a href=\"https:\/\/biosciences.exeter.ac.uk\/staff\/profile\/index.php?web_id=Ana_Nuno\">Dr Ana Nuno<\/a><\/p>\n<p>Uma pequena ilha remota e pouco conhecida situada no Golfo da Guin\u00e9, ao largo da costa da \u00c1frica Central, Pr\u00edncipe (S\u00e3o Tom\u00e9 e Pr\u00edncipe) e a sua popula\u00e7\u00e3o dependem fortemente da pesca artesanal. Quando as comunidades piscat\u00f3rias da ilha nos dizem que t\u00eam de viajar mais longe, passar mais tempo no mar e aumentar a quantidade de equipamento de pesca para obter quantidades semelhantes de peixe que costumavam capturar perto da costa h\u00e1 alguns anos, isto soa muito familiar. Estes problemas s\u00e3o sentidos em muitas zonas costeiras por todo o mundo e podem ser particularmente graves em pequenos estados insulares em desenvolvimento, onde os recursos para a gest\u00e3o s\u00e3o escassos e as pessoas geralmente t\u00eam acesso limitado a outras oportunidades.<\/p>\n<figure id=\"attachment_1485\" aria-describedby=\"caption-attachment-1485\" style=\"width: 4048px\" class=\"wp-caption aligncenter\"><img loading=\"lazy\" decoding=\"async\" class=\"size-full wp-image-1485\" src=\"https:\/\/sites.exeter.ac.uk\/exetermarine\/wp-content\/uploads\/sites\/203\/2021\/02\/DJI_0448.jpg\" alt=\"\" width=\"4048\" height=\"3032\" \/><figcaption id=\"caption-attachment-1485\" class=\"wp-caption-text\">Uma comunidade piscat\u00f3ria no Pr\u00edncipe \/ D\u00e1rio Pequeno Para\u00edso<\/figcaption><\/figure>\n<p>As comunidades piscat\u00f3rias s\u00e3o cruciais na abordagem de quest\u00f5es de conserva\u00e7\u00e3o em todo o mundo. A participa\u00e7\u00e3o das partes interessadas e a co-gest\u00e3o das pescas t\u00eam sido reconhecidas como abordagens-chave, particularmente quando a execu\u00e7\u00e3o \u00e9 um desafio devido \u00e0 capacidade limitada do Estado. Mas como podemos promover a\u00e7\u00f5es individuais e apoiar medidas que melhorem os ecossistemas marinhos? Alguns poder\u00e3o dizer que precisamos de empoderar as partes interessadas. O empoderamento tornou-se um conceito popular em conserva\u00e7\u00e3o mas, embora bem intencionado, \u00e9 muitas vezes utilizado como uma palavra da moda com alega\u00e7\u00f5es pouco claras. Como podemos avan\u00e7ar para al\u00e9m desta palavra da moda em conserva\u00e7\u00e3o?<\/p>\n<figure id=\"attachment_1486\" aria-describedby=\"caption-attachment-1486\" style=\"width: 6720px\" class=\"wp-caption aligncenter\"><img loading=\"lazy\" decoding=\"async\" class=\"size-full wp-image-1486\" src=\"https:\/\/sites.exeter.ac.uk\/exetermarine\/wp-content\/uploads\/sites\/203\/2021\/02\/3V2A5304.jpg\" alt=\"\" width=\"6720\" height=\"4480\" \/><figcaption id=\"caption-attachment-1486\" class=\"wp-caption-text\">comerciantes de peixe e pescadores a puxar um barco \/ D\u00e1rio Pequeno Para\u00edso<\/figcaption><\/figure>\n<p>Centrando-se na conserva\u00e7\u00e3o marinha e pesca artesanal no Pr\u00edncipe, o <strong><a href=\"https:\/\/conbio.onlinelibrary.wiley.com\/doi\/full\/10.1111\/conl.12790\">nosso novo artigo<\/a><\/strong> cient\u00edfico publicado na revista <em>Conservation Letters<\/em> identifica os principais determinantes do empoderamento psicol\u00f3gico para a conserva\u00e7\u00e3o e explora as poss\u00edveis implica\u00e7\u00f5es para a gest\u00e3o de recursos. Feito como parte de um projeto financiado pela <strong><a href=\"https:\/\/www.darwininitiative.org.uk\/\">Darwin Initiative<\/a><\/strong> e em parceria com a <strong><a href=\"https:\/\/fundacaoprincipe.org\/\">Funda\u00e7\u00e3o Pr\u00edncipe<\/a><\/strong> (uma ONG baseada na ilha), esta investiga\u00e7\u00e3o incorporou discuss\u00f5es de grupos focais e question\u00e1rios a agregados familiares (869 pessoas entrevistadas numa ilha com cerca de 8000 residentes!). Recolhemos informa\u00e7\u00f5es sobre, por exemplo, caracter\u00edsticas individuais e do agregado familiar; utiliza\u00e7\u00e3o de recursos naturais; perce\u00e7\u00f5es sobre poss\u00edveis interven\u00e7\u00f5es; e m\u00faltiplos componentes de empoderamento (por exemplo, governa\u00e7\u00e3o, liberdade de escolha &amp; a\u00e7\u00e3o, participa\u00e7\u00e3o, controlo e colabora\u00e7\u00e3o).<\/p>\n<figure id=\"attachment_1487\" aria-describedby=\"caption-attachment-1487\" style=\"width: 4608px\" class=\"wp-caption aligncenter\"><img loading=\"lazy\" decoding=\"async\" class=\"size-full wp-image-1487\" src=\"https:\/\/sites.exeter.ac.uk\/exetermarine\/wp-content\/uploads\/sites\/203\/2021\/02\/P1110240.jpg\" alt=\"\" width=\"4608\" height=\"2592\" \/><figcaption id=\"caption-attachment-1487\" class=\"wp-caption-text\">Question\u00e1rios no Pr\u00edncipe \/ Litoney Matos<\/figcaption><\/figure>\n<p>Constat\u00e1mos que era mais prov\u00e1vel as pessoas acreditarem que poderiam pessoalmente fazer uma diferen\u00e7a na prote\u00e7\u00e3o do ambiente marinho na ilha se tamb\u00e9m: sentissem que a aplica\u00e7\u00e3o das leis pelo estado estava a desempenhar um papel ativo, tinham n\u00edveis mais elevados de liberdade de escolha e a\u00e7\u00e3o individual, e acreditavam que as suas comunidades poderiam, coletivamente, melhorar os resultados. Os entrevistados que responderam \u201cn\u00e3o sei\u201d sobre a atual condi\u00e7\u00e3o do ambiente marinho na ilha foram menos propensos a acreditar que poderiam fazer a diferen\u00e7a do que aqueles que acreditaram que as condi\u00e7\u00f5es do ambiente marinho permaneceram as mesmas, piores ou melhores do que antes.<\/p>\n<p>Considerando potenciais interven\u00e7\u00f5es, as pessoas que consideram ter n\u00edveis mais elevados de influ\u00eancia sobre a conserva\u00e7\u00e3o marinha eram as mais propensas a recomendar medidas espec\u00edficas (por exemplo, cria\u00e7\u00e3o de \u00e1reas de pesca interdita). Isto sugere liga\u00e7\u00f5es entre empoderamento e a aceita\u00e7\u00e3o social de potenciais interven\u00e7\u00f5es espec\u00edficas.<\/p>\n<p>Porque \u00e9 que isto importa? O envolvimento em projetos de conserva\u00e7\u00e3o pode ser influenciado pela cren\u00e7a nas capacidades individuais para alcan\u00e7ar a mudan\u00e7a. Havendo agora um novo projecto na ilha liderado pela <strong><a href=\"https:\/\/www.fauna-flora.org\/countries\/sao-tome-principe\">FFI<\/a><\/strong> e destinado a estabelecer a primeira rede de \u00e1reas marinhas protegidas no pa\u00eds, esta informa\u00e7\u00e3o \u00e9 crucial para compreender como envolver significativamente as comunidades locais e outras partes interessadas. Isto \u00e9 essencial para identificar vis\u00f5es comuns e trabalhar em colabora\u00e7\u00e3o para as alcan\u00e7ar. Como esta investiga\u00e7\u00e3o demonstra, isto pode exigir a abordagem de v\u00e1rias quest\u00f5es diferentes mas que andam de m\u00e3os dadas (por exemplo, acesso a oportunidades, sensibiliza\u00e7\u00e3o sobre as condi\u00e7\u00f5es dos ecossistemas marinhos e refor\u00e7o da aplica\u00e7\u00e3o da lei), para que as pessoas acreditem que a sua contribui\u00e7\u00e3o pode realmente fazer a diferen\u00e7a. Embora o envolvimento e a participa\u00e7\u00e3o sejam definitivamente necess\u00e1rios, s\u00e3o essenciais as condi\u00e7\u00f5es adequadas para que estes deem frutos.<\/p>\n<p>Se quiser saber mais informa\u00e7\u00f5es sobre este projeto em Pr\u00edncipe, consulte o nosso <strong><a href=\"https:\/\/omaliprincipeen.weebly.com\/\">website<\/a><\/strong> e veja <strong><a href=\"https:\/\/www.youtube.com\/watch?v=c6C_Q11PuzM&amp;feature=youtu.be\">o nosso v\u00eddeo<\/a> <\/strong>para dar um passeio por esta ilha fant\u00e1stica!<\/p>\n<p>&nbsp;<\/p>\n","protected":false},"excerpt":{"rendered":"<p>Autora &#8211; Dr Ana Nuno Uma pequena ilha remota e pouco conhecida situada no Golfo da Guin\u00e9, ao largo da costa da \u00c1frica Central, Pr\u00edncipe [&hellip;]<\/p>\n","protected":false},"author":775,"featured_media":0,"comment_status":"open","ping_status":"closed","sticky":false,"template":"","format":"standard","meta":{"_acf_changed":false,"_jetpack_memberships_contains_paid_content":false,"footnotes":""},"categories":[3,5],"tags":[],"acf":[],"yoast_head":"<!-- This site is optimized with the Yoast SEO plugin v23.0 - https:\/\/yoast.com\/wordpress\/plugins\/seo\/ -->\n<title>Juntos podemos? Promover a\u00e7\u00f5es para a conserva\u00e7\u00e3o marinha - Exeter Marine<\/title>\n<meta name=\"robots\" content=\"index, follow, max-snippet:-1, max-image-preview:large, max-video-preview:-1\" \/>\n<link rel=\"canonical\" href=\"https:\/\/sites.exeter.ac.uk\/exetermarine\/2021\/02\/10\/juntos-podemos-promover-acoes-para-a-conservacao-marinha\/\" \/>\n<meta property=\"og:locale\" content=\"en_US\" \/>\n<meta property=\"og:type\" content=\"article\" \/>\n<meta property=\"og:title\" content=\"Juntos podemos? Promover a\u00e7\u00f5es para a conserva\u00e7\u00e3o marinha - Exeter Marine\" \/>\n<meta property=\"og:description\" content=\"Autora &#8211; Dr Ana Nuno Uma pequena ilha remota e pouco conhecida situada no Golfo da Guin\u00e9, ao largo da costa da \u00c1frica Central, Pr\u00edncipe [&hellip;]\" \/>\n<meta property=\"og:url\" content=\"https:\/\/sites.exeter.ac.uk\/exetermarine\/2021\/02\/10\/juntos-podemos-promover-acoes-para-a-conservacao-marinha\/\" \/>\n<meta property=\"og:site_name\" content=\"Exeter Marine\" \/>\n<meta property=\"article:published_time\" content=\"2021-02-10T11:41:51+00:00\" \/>\n<meta property=\"og:image\" content=\"https:\/\/sites.exeter.ac.uk\/exetermarine\/wp-content\/uploads\/sites\/203\/2021\/02\/DJI_0448.jpg\" \/>\n<meta name=\"author\" content=\"mf356\" \/>\n<meta name=\"twitter:card\" content=\"summary_large_image\" \/>\n<meta name=\"twitter:label1\" content=\"Written by\" \/>\n\t<meta name=\"twitter:data1\" content=\"mf356\" \/>\n\t<meta name=\"twitter:label2\" content=\"Est. reading time\" \/>\n\t<meta name=\"twitter:data2\" content=\"4 minutes\" \/>\n<script type=\"application\/ld+json\" class=\"yoast-schema-graph\">{\"@context\":\"https:\/\/schema.org\",\"@graph\":[{\"@type\":\"WebPage\",\"@id\":\"https:\/\/sites.exeter.ac.uk\/exetermarine\/2021\/02\/10\/juntos-podemos-promover-acoes-para-a-conservacao-marinha\/\",\"url\":\"https:\/\/sites.exeter.ac.uk\/exetermarine\/2021\/02\/10\/juntos-podemos-promover-acoes-para-a-conservacao-marinha\/\",\"name\":\"Juntos podemos? Promover a\u00e7\u00f5es para a conserva\u00e7\u00e3o marinha - Exeter Marine\",\"isPartOf\":{\"@id\":\"https:\/\/sites.exeter.ac.uk\/exetermarine\/#website\"},\"primaryImageOfPage\":{\"@id\":\"https:\/\/sites.exeter.ac.uk\/exetermarine\/2021\/02\/10\/juntos-podemos-promover-acoes-para-a-conservacao-marinha\/#primaryimage\"},\"image\":{\"@id\":\"https:\/\/sites.exeter.ac.uk\/exetermarine\/2021\/02\/10\/juntos-podemos-promover-acoes-para-a-conservacao-marinha\/#primaryimage\"},\"thumbnailUrl\":\"https:\/\/sites.exeter.ac.uk\/exetermarine\/wp-content\/uploads\/sites\/203\/2021\/02\/DJI_0448.jpg\",\"datePublished\":\"2021-02-10T11:41:51+00:00\",\"dateModified\":\"2021-02-10T11:41:51+00:00\",\"author\":{\"@id\":\"https:\/\/sites.exeter.ac.uk\/exetermarine\/#\/schema\/person\/872fd67a04db131c7b70dc34ece3b2e0\"},\"breadcrumb\":{\"@id\":\"https:\/\/sites.exeter.ac.uk\/exetermarine\/2021\/02\/10\/juntos-podemos-promover-acoes-para-a-conservacao-marinha\/#breadcrumb\"},\"inLanguage\":\"en-US\",\"potentialAction\":[{\"@type\":\"ReadAction\",\"target\":[\"https:\/\/sites.exeter.ac.uk\/exetermarine\/2021\/02\/10\/juntos-podemos-promover-acoes-para-a-conservacao-marinha\/\"]}]},{\"@type\":\"ImageObject\",\"inLanguage\":\"en-US\",\"@id\":\"https:\/\/sites.exeter.ac.uk\/exetermarine\/2021\/02\/10\/juntos-podemos-promover-acoes-para-a-conservacao-marinha\/#primaryimage\",\"url\":\"https:\/\/sites.exeter.ac.uk\/exetermarine\/wp-content\/uploads\/sites\/203\/2021\/02\/DJI_0448-scaled.jpg\",\"contentUrl\":\"https:\/\/sites.exeter.ac.uk\/exetermarine\/wp-content\/uploads\/sites\/203\/2021\/02\/DJI_0448-scaled.jpg\",\"width\":2560,\"height\":1917,\"caption\":\"Uma comunidade piscat\u00f3ria no Pr\u00edncipe \/ D\u00e1rio Pequeno Para\u00edso\"},{\"@type\":\"BreadcrumbList\",\"@id\":\"https:\/\/sites.exeter.ac.uk\/exetermarine\/2021\/02\/10\/juntos-podemos-promover-acoes-para-a-conservacao-marinha\/#breadcrumb\",\"itemListElement\":[{\"@type\":\"ListItem\",\"position\":1,\"name\":\"Home\",\"item\":\"https:\/\/sites.exeter.ac.uk\/exetermarine\/\"},{\"@type\":\"ListItem\",\"position\":2,\"name\":\"Juntos podemos? Promover a\u00e7\u00f5es para a conserva\u00e7\u00e3o marinha\"}]},{\"@type\":\"WebSite\",\"@id\":\"https:\/\/sites.exeter.ac.uk\/exetermarine\/#website\",\"url\":\"https:\/\/sites.exeter.ac.uk\/exetermarine\/\",\"name\":\"Exeter Marine\",\"description\":\"\",\"potentialAction\":[{\"@type\":\"SearchAction\",\"target\":{\"@type\":\"EntryPoint\",\"urlTemplate\":\"https:\/\/sites.exeter.ac.uk\/exetermarine\/?s={search_term_string}\"},\"query-input\":\"required name=search_term_string\"}],\"inLanguage\":\"en-US\"},{\"@type\":\"Person\",\"@id\":\"https:\/\/sites.exeter.ac.uk\/exetermarine\/#\/schema\/person\/872fd67a04db131c7b70dc34ece3b2e0\",\"name\":\"mf356\",\"image\":{\"@type\":\"ImageObject\",\"inLanguage\":\"en-US\",\"@id\":\"https:\/\/sites.exeter.ac.uk\/exetermarine\/#\/schema\/person\/image\/\",\"url\":\"https:\/\/secure.gravatar.com\/avatar\/9015d6027338553f1a9d502d9efd8357?s=96&d=mm&r=g\",\"contentUrl\":\"https:\/\/secure.gravatar.com\/avatar\/9015d6027338553f1a9d502d9efd8357?s=96&d=mm&r=g\",\"caption\":\"mf356\"},\"url\":\"https:\/\/sites.exeter.ac.uk\/exetermarine\/author\/mf356\/\"}]}<\/script>\n<!-- \/ Yoast SEO plugin. -->","yoast_head_json":{"title":"Juntos podemos? Promover a\u00e7\u00f5es para a conserva\u00e7\u00e3o marinha - Exeter Marine","robots":{"index":"index","follow":"follow","max-snippet":"max-snippet:-1","max-image-preview":"max-image-preview:large","max-video-preview":"max-video-preview:-1"},"canonical":"https:\/\/sites.exeter.ac.uk\/exetermarine\/2021\/02\/10\/juntos-podemos-promover-acoes-para-a-conservacao-marinha\/","og_locale":"en_US","og_type":"article","og_title":"Juntos podemos? Promover a\u00e7\u00f5es para a conserva\u00e7\u00e3o marinha - Exeter Marine","og_description":"Autora &#8211; Dr Ana Nuno Uma pequena ilha remota e pouco conhecida situada no Golfo da Guin\u00e9, ao largo da costa da \u00c1frica Central, Pr\u00edncipe [&hellip;]","og_url":"https:\/\/sites.exeter.ac.uk\/exetermarine\/2021\/02\/10\/juntos-podemos-promover-acoes-para-a-conservacao-marinha\/","og_site_name":"Exeter Marine","article_published_time":"2021-02-10T11:41:51+00:00","og_image":[{"url":"https:\/\/sites.exeter.ac.uk\/exetermarine\/wp-content\/uploads\/sites\/203\/2021\/02\/DJI_0448.jpg"}],"author":"mf356","twitter_card":"summary_large_image","twitter_misc":{"Written by":"mf356","Est. reading time":"4 minutes"},"schema":{"@context":"https:\/\/schema.org","@graph":[{"@type":"WebPage","@id":"https:\/\/sites.exeter.ac.uk\/exetermarine\/2021\/02\/10\/juntos-podemos-promover-acoes-para-a-conservacao-marinha\/","url":"https:\/\/sites.exeter.ac.uk\/exetermarine\/2021\/02\/10\/juntos-podemos-promover-acoes-para-a-conservacao-marinha\/","name":"Juntos podemos? Promover a\u00e7\u00f5es para a conserva\u00e7\u00e3o marinha - Exeter Marine","isPartOf":{"@id":"https:\/\/sites.exeter.ac.uk\/exetermarine\/#website"},"primaryImageOfPage":{"@id":"https:\/\/sites.exeter.ac.uk\/exetermarine\/2021\/02\/10\/juntos-podemos-promover-acoes-para-a-conservacao-marinha\/#primaryimage"},"image":{"@id":"https:\/\/sites.exeter.ac.uk\/exetermarine\/2021\/02\/10\/juntos-podemos-promover-acoes-para-a-conservacao-marinha\/#primaryimage"},"thumbnailUrl":"https:\/\/sites.exeter.ac.uk\/exetermarine\/wp-content\/uploads\/sites\/203\/2021\/02\/DJI_0448.jpg","datePublished":"2021-02-10T11:41:51+00:00","dateModified":"2021-02-10T11:41:51+00:00","author":{"@id":"https:\/\/sites.exeter.ac.uk\/exetermarine\/#\/schema\/person\/872fd67a04db131c7b70dc34ece3b2e0"},"breadcrumb":{"@id":"https:\/\/sites.exeter.ac.uk\/exetermarine\/2021\/02\/10\/juntos-podemos-promover-acoes-para-a-conservacao-marinha\/#breadcrumb"},"inLanguage":"en-US","potentialAction":[{"@type":"ReadAction","target":["https:\/\/sites.exeter.ac.uk\/exetermarine\/2021\/02\/10\/juntos-podemos-promover-acoes-para-a-conservacao-marinha\/"]}]},{"@type":"ImageObject","inLanguage":"en-US","@id":"https:\/\/sites.exeter.ac.uk\/exetermarine\/2021\/02\/10\/juntos-podemos-promover-acoes-para-a-conservacao-marinha\/#primaryimage","url":"https:\/\/sites.exeter.ac.uk\/exetermarine\/wp-content\/uploads\/sites\/203\/2021\/02\/DJI_0448-scaled.jpg","contentUrl":"https:\/\/sites.exeter.ac.uk\/exetermarine\/wp-content\/uploads\/sites\/203\/2021\/02\/DJI_0448-scaled.jpg","width":2560,"height":1917,"caption":"Uma comunidade piscat\u00f3ria no Pr\u00edncipe \/ D\u00e1rio Pequeno Para\u00edso"},{"@type":"BreadcrumbList","@id":"https:\/\/sites.exeter.ac.uk\/exetermarine\/2021\/02\/10\/juntos-podemos-promover-acoes-para-a-conservacao-marinha\/#breadcrumb","itemListElement":[{"@type":"ListItem","position":1,"name":"Home","item":"https:\/\/sites.exeter.ac.uk\/exetermarine\/"},{"@type":"ListItem","position":2,"name":"Juntos podemos? Promover a\u00e7\u00f5es para a conserva\u00e7\u00e3o marinha"}]},{"@type":"WebSite","@id":"https:\/\/sites.exeter.ac.uk\/exetermarine\/#website","url":"https:\/\/sites.exeter.ac.uk\/exetermarine\/","name":"Exeter Marine","description":"","potentialAction":[{"@type":"SearchAction","target":{"@type":"EntryPoint","urlTemplate":"https:\/\/sites.exeter.ac.uk\/exetermarine\/?s={search_term_string}"},"query-input":"required name=search_term_string"}],"inLanguage":"en-US"},{"@type":"Person","@id":"https:\/\/sites.exeter.ac.uk\/exetermarine\/#\/schema\/person\/872fd67a04db131c7b70dc34ece3b2e0","name":"mf356","image":{"@type":"ImageObject","inLanguage":"en-US","@id":"https:\/\/sites.exeter.ac.uk\/exetermarine\/#\/schema\/person\/image\/","url":"https:\/\/secure.gravatar.com\/avatar\/9015d6027338553f1a9d502d9efd8357?s=96&d=mm&r=g","contentUrl":"https:\/\/secure.gravatar.com\/avatar\/9015d6027338553f1a9d502d9efd8357?s=96&d=mm&r=g","caption":"mf356"},"url":"https:\/\/sites.exeter.ac.uk\/exetermarine\/author\/mf356\/"}]}},"jetpack_sharing_enabled":true,"jetpack_featured_media_url":"","_links":{"self":[{"href":"https:\/\/sites.exeter.ac.uk\/exetermarine\/wp-json\/wp\/v2\/posts\/1497"}],"collection":[{"href":"https:\/\/sites.exeter.ac.uk\/exetermarine\/wp-json\/wp\/v2\/posts"}],"about":[{"href":"https:\/\/sites.exeter.ac.uk\/exetermarine\/wp-json\/wp\/v2\/types\/post"}],"author":[{"embeddable":true,"href":"https:\/\/sites.exeter.ac.uk\/exetermarine\/wp-json\/wp\/v2\/users\/775"}],"replies":[{"embeddable":true,"href":"https:\/\/sites.exeter.ac.uk\/exetermarine\/wp-json\/wp\/v2\/comments?post=1497"}],"version-history":[{"count":0,"href":"https:\/\/sites.exeter.ac.uk\/exetermarine\/wp-json\/wp\/v2\/posts\/1497\/revisions"}],"wp:attachment":[{"href":"https:\/\/sites.exeter.ac.uk\/exetermarine\/wp-json\/wp\/v2\/media?parent=1497"}],"wp:term":[{"taxonomy":"category","embeddable":true,"href":"https:\/\/sites.exeter.ac.uk\/exetermarine\/wp-json\/wp\/v2\/categories?post=1497"},{"taxonomy":"post_tag","embeddable":true,"href":"https:\/\/sites.exeter.ac.uk\/exetermarine\/wp-json\/wp\/v2\/tags?post=1497"}],"curies":[{"name":"wp","href":"https:\/\/api.w.org\/{rel}","templated":true}]}}